{"id":6740,"date":"2023-01-26T16:06:51","date_gmt":"2023-01-26T15:06:51","guid":{"rendered":"https:\/\/opengrey.eu\/?p=6740"},"modified":"2024-12-20T07:19:01","modified_gmt":"2024-12-20T06:19:01","slug":"klaudena","status":"publish","type":"post","link":"https:\/\/opengrey.eu\/hu\/klaudena\/","title":{"rendered":"Klaudena &#8211; V\u00e9lem\u00e9ny &#038; Legkedvez\u0151bb \u00e1r"},"content":{"rendered":"<p>Sokan szenvednek \u00e1lland\u00f3 <strong>fesz\u00fclts\u00e9gt\u0151l \u00e9s h\u00e1tf\u00e1j\u00e1st\u00f3l<\/strong> a hossz\u00fa ideig tart\u00f3 irodai munka k\u00f6vetkezt\u00e9ben. Ennek eredm\u00e9nyek\u00e9nt a hossz\u00fa ideig tart\u00f3 \u00fcl\u00e9s gyorsan k\u00ednszenved\u00e9ss\u00e9 v\u00e1lik.<\/p>\n<p>A <strong>f\u00e1jdalom hossz\u00fa t\u00e1v\u00fa enyh\u00edt\u00e9s\u00e9re \u00e9s a rossz testtart\u00e1s megel\u0151z\u00e9s\u00e9re<\/strong> l\u00e9teznek speci\u00e1lis \u00fcl\u0151p\u00e1rn\u00e1k, amelyeket \u00fagy terveztek, hogy mind a testtart\u00e1st, mind az \u00fcl\u00e9s k\u00e9nyelm\u00e9t t\u00e1mogass\u00e1k. Az egyik \u00faj \u00e9s k\u00fcl\u00f6nleges \u00fcl\u0151p\u00e1rna az <strong>az \u00faj Klaudena mem\u00f3riahabos \u00fcl\u0151p\u00e1rna<\/strong>, amely k\u00fcl\u00f6nleges rugalmass\u00e1g\u00fa habj\u00e1nak k\u00f6sz\u00f6nhet\u0151en kiemelkedik a hagyom\u00e1nyos \u00fcl\u0151p\u00e1rn\u00e1k k\u00f6z\u00fcl.<\/p>\n<p><strong>De mi is \u00e1ll pontosan a Klaudena \u00fcl\u0151p\u00e1rna m\u00f6g\u00f6tt?<\/strong><\/p>\n<p><strong><br \/>\n<\/strong><div class=\"sue-icon-panel\" data-url=\"\" data-target=\"self\" style=\"background-color:#f9f9f9;color:#333333;border-radius:0px;-moz-border-radius:0px;-webkit-border-radius:0px;box-shadow:0px 1px 2px #eeeeeeeeee;-moz-box-shadow:0px 1px 2px #eeeeeeeeee;-webkit-box-shadow:0px 1px 2px #eeeeeeeeee;border:1px solid #cccccc\"><div class=\"sue-icon-panel-head\"><i class=\"sui sui-search\" style=\"font-size:36px;color:#333333\"><\/i><\/div><div class=\"sue-icon-panel-content sue-content-wrap\" style=\"text-align:left\">\n<div class=\"su-row\"><div class=\"su-column su-column-size-1-2\"><div class=\"su-column-inner su-u-clearfix su-u-trim\">\n<h2>Klaudena teszt &amp; \u00e9rt\u00e9kel\u00e9s<\/h2>\n<div class=\"su-list\" style=\"margin-left:0px\">\n<ul>\n<li><i class=\"sui sui-check\" style=\"color:#009800\"><\/i> \ud83c\uddea\ud83c\uddfa Made in the European Union<\/li>\n<li><i class=\"sui sui-check\" style=\"color:#009800\"><\/i> <strong>cs\u00f6kkenti a nyom\u00e1st \u00e9s hat\u00e9konyan cs\u00f6kkenti a f\u00e1jdalmat \u00fcl\u00e9s k\u00f6zben<\/strong><\/li>\n<li><i class=\"sui sui-check\" style=\"color:#009800\"><\/i> Ortop\u00e9diai kialak\u00edt\u00e1s &#8211; a <strong>gerinc<\/strong> f\u00fcgg\u0151leges marad<\/li>\n<li><i class=\"sui sui-check\" style=\"color:#009800\"><\/i> Kiv\u00e1l\u00f3 min\u0151s\u00e9g\u0171 <strong>mem\u00f3riahabb\u00f3l<\/strong><\/li>\n<li><i class=\"sui sui-check\" style=\"color:#009800\"><\/i> k\u00e9sz\u00fclt<\/li>\n<li><i class=\"sui sui-check\" style=\"color:#009800\"><\/i> A leveg\u0151 k\u00e9pes keringeni a p\u00e1rn\u00e1ban, \u00edgy mindig h\u0171v\u00f6s marad<\/li>\n<li><i class=\"sui sui-check\" style=\"color:#009800\"><\/i> Cs\u00fasz\u00e1sg\u00e1tl\u00f3 csom\u00f3k<\/li>\n<li><i class=\"sui sui-check\" style=\"color:#009800\"><\/i> Nagyon k\u00f6nny\u0171 s\u00faly &#8211; k\u00f6nnyen sz\u00e1ll\u00edthat\u00f3<\/li>\n<li><i class=\"sui sui-check\" style=\"color:#009800\"><\/i> <strong>Most <a href=\"https:\/\/opengrey.eu\/go\/klaudena-hu\" target=\"_blank\" rel=\"nofollow noopener\">50%-kal olcs\u00f3bban kaphat\u00f3<\/a>.<\/strong><\/li>\n<\/ul>\n<p><big><strong>Min\u0151s\u00edt\u00e9s: <span style=\"color: #008000;\">NAGYON AJ\u00c1NLOTT<\/span> (10 pontb\u00f3l 9.8)<br \/>\n<\/strong><\/big><br \/>\n<\/div>\n<\/div><\/div> <div class=\"su-column su-column-size-1-2\"><div class=\"su-column-inner su-u-clearfix su-u-trim\">\n<h2>V\u00e1s\u00e1rolja meg Klauden\u00e1t kedvez\u0151 \u00e1ron<\/h2>\n<p><a href=\"https:\/\/opengrey.eu\/go\/klaudena-hu\" target=\"_blank\" rel=\"nofollow noopener\"><img loading=\"lazy\" decoding=\"async\" class=\"aligncenter size-full wp-image-1129\" src=\"https:\/\/opengrey.eu\/wp-content\/uploads\/2023\/01\/klaudena-kaufen.jpg\" alt=\"klaudena kaufen\" width=\"300\" height=\"302\" srcset=\"https:\/\/opengrey.eu\/wp-content\/uploads\/2023\/01\/klaudena-kaufen.jpg 300w, https:\/\/opengrey.eu\/wp-content\/uploads\/2023\/01\/klaudena-kaufen-298x300.jpg 298w, https:\/\/opengrey.eu\/wp-content\/uploads\/2023\/01\/klaudena-kaufen-150x150.jpg 150w\" sizes=\"auto, (max-width: 300px) 100vw, 300px\" \/><\/a><\/p>\n<div class=\"su-button-center\"><a href=\"https:\/\/opengrey.eu\/go\/klaudena-hu\" class=\"su-button su-button-style-default\" style=\"color:#FFFFFF;background-color:#ef2d34;border-color:#c0242a;border-radius:9px\" target=\"_blank\" rel=\"nofollow\"><span style=\"color:#FFFFFF;padding:8px 24px;font-size:18px;line-height:27px;border-color:#f46c71;border-radius:9px;text-shadow:none\"><i class=\"sui sui-check-square\" style=\"font-size:18px;color:#FFFFFF\"><\/i> Rendelje meg a KLAUDENA p\u00e1rn\u00e1kat 50% kedvezm\u00e9nnyel!<br \/>\n(Hivatalos \u00fczlet)<\/span><\/a><\/div>\n<\/div><\/div><\/div>\n<\/div><\/div>\n\n<a href=\"https:\/\/opengrey.eu\/go\/klaudena-hu\" target=\"_blank\" rel=\"nofollow noopener\"><img loading=\"lazy\" decoding=\"async\" class=\"aligncenter size-full wp-image-1142\" src=\"https:\/\/opengrey.eu\/wp-content\/uploads\/2023\/01\/Klaudena-Memory-Foam-Pillow.jpg\" alt=\"Klaudena Memory Foam Pillow\" width=\"800\" height=\"559\" srcset=\"https:\/\/opengrey.eu\/wp-content\/uploads\/2023\/01\/Klaudena-Memory-Foam-Pillow.jpg 800w, https:\/\/opengrey.eu\/wp-content\/uploads\/2023\/01\/Klaudena-Memory-Foam-Pillow-300x210.jpg 300w, https:\/\/opengrey.eu\/wp-content\/uploads\/2023\/01\/Klaudena-Memory-Foam-Pillow-768x537.jpg 768w\" sizes=\"auto, (max-width: 800px) 100vw, 800px\" \/><\/a><\/p>\n<h2>Klaudena \u00fcl\u0151p\u00e1rna tesztbesz\u00e1mol\u00f3 \u00e9s tapasztalatok<\/h2>\n<p>A Klaudena egy <strong>ergonomikus \u00fcl\u0151p\u00e1rna<\/strong>, amely mem\u00f3riahabj\u00e1val t\u00e1mogatja a testalkatot. A mindennapi munk\u00e1ban a hossz\u00fa ideig tart\u00f3 \u00fcl\u00e9s \u00e9s az \u00edr\u00f3asztaln\u00e1l v\u00e9gzett munka rossz testtart\u00e1shoz vezethet az izmokban, kellemetlens\u00e9gekhez a gerincben, h\u00e1tf\u00e1j\u00e1shoz \u00e9s fesz\u00fclts\u00e9ghez. Ha nem dolgozik tudatosan az \u00fcl\u0151helyzet\u00e9n, akkor ez hossz\u00fa t\u00e1von s\u00falyosb\u00edthatja a t\u00fcneteket. A gy\u00e1rt\u00f3 olyan \u00fcl\u0151p\u00e1rn\u00e1k gy\u00e1rt\u00e1s\u00e1ra specializ\u00e1l\u00f3dott, amelyek hossz\u00fa t\u00e1von er\u0151s\u00edtik az izmokat, hogy megel\u0151zz\u00e9k a deformit\u00e1sok kialakul\u00e1s\u00e1t.<\/p>\n<p>A Klaudena \u00fcl\u0151p\u00e1rn\u00e1t <strong>k\u00fcl\u00f6nleges mem\u00f3riahabbal<\/strong> tervezt\u00e9k, hogy t\u00e1mogassa a term\u00e9szetes \u00fcl\u00e9shelyzetet, amely automatikusan eg\u00e9szs\u00e9ges testhelyzetbe hozza a testet. A p\u00e1rna \u00e1ltal l\u00e9trehozott <strong>jav\u00edtott \u00fcl\u00e9shelyzet<\/strong> jelent\u0151sen enyh\u00edtheti a h\u00e1t- \u00e9s cs\u00edp\u0151f\u00e1jdalmakat. A Klaudena arra is specializ\u00e1l\u00f3dott, hogy az \u00fcl\u0151p\u00e1rna nagyon k\u00e9nyelmes \u00e9s k\u00f6nny\u0171 legyen, \u00edgy utaz\u00e1skor is haszn\u00e1lhat\u00f3 mindennapi t\u00e1rsk\u00e9nt. Az \u00fcl\u0151p\u00e1rna kifejezetten alkalmazkodik minden testalkathoz, ez\u00e9rt minden koroszt\u00e1ly sz\u00e1m\u00e1ra haszn\u00e1lhat\u00f3.<\/p>\n<p>Lehetetlen olyan sz\u00e9keket kifejleszteni, amelyek minden testalkathoz alkalmazkodnak. A Klaudena \u00fcl\u0151p\u00e1rna azonban ezt ellens\u00falyozza azzal, hogy alkalmazkodik a test saj\u00e1t alakj\u00e1hoz, ez\u00e1ltal el\u0151seg\u00edtve a v\u00e9rkering\u00e9st. A jobb v\u00e9rkering\u00e9s megv\u00e9dheti az izmokat a f\u00e1radts\u00e1gt\u00f3l, ugyanakkor megel\u0151zheti a gyullad\u00e1st. Ez hossz\u00fa t\u00e1von megel\u0151zi a f\u00e1jdalmakat.<\/p>\n<h2>Ki sz\u00e1m\u00e1ra alkalmas a mem\u00f3riahabos \u00fcl\u0151p\u00e1rna?<\/h2>\n<p>Az \u00fcl\u0151p\u00e1rna alapvet\u0151en mindenkinek alkalmas a t\u00fal hossz\u00fa \u00fcl\u00e9s okozta k\u00e1rosod\u00e1sok \u00e9s f\u00e1jdalmak megel\u0151z\u00e9s\u00e9re. A Klaudena k\u00fcl\u00f6n\u00f6sen alkalmas azoknak, akik a napjuk nagy r\u00e9sz\u00e9t \u00edr\u00f3asztal mellett t\u00f6ltik. A hossz\u00fa ideig tart\u00f3 \u00fcl\u00e9s rossz testtart\u00e1shoz \u00e9s h\u00e1tf\u00e1j\u00e1shoz vezethet. Ez teszi az \u00fcl\u0151p\u00e1rn\u00e1t nagyon vonz\u00f3v\u00e1 a hossz\u00fa ideig tart\u00f3 irodai munk\u00e1hoz.<br \/>\nMivel a Klaudena nemcsak irodai sz\u00e9kekre, hanem aut\u00f3- vagy rep\u00fcl\u0151g\u00e9p\u00fcl\u00e9sekre is haszn\u00e1lhat\u00f3, a mem\u00f3riahabbal ell\u00e1tott \u00fcl\u0151p\u00e1rna k\u00fcl\u00f6n\u00f6sen alkalmas ing\u00e1z\u00f3k \u00e9s hossz\u00fa utaz\u00e1sok alkalm\u00e1val is. A hossz\u00fa aut\u00f3utak \u00e9s rep\u00fcl\u0151utak sokkal k\u00e9nyelmesebb\u00e9 tehet\u0151k az \u00fcl\u00e9sp\u00e1rn\u00e1val, \u00edgy elker\u00fclhet\u0151 a f\u00e1jdalom \u00e9s az izomf\u00e1radts\u00e1g.<\/p>\n<p>A teheraut\u00f3-vezet\u0151k is haszn\u00e1lhatj\u00e1k a Klaudena \u00fcl\u00e9sp\u00e1rn\u00e1t, hogy megel\u0151zz\u00e9k a hossz\u00fa utaz\u00e1sok okozta h\u00e1tf\u00e1j\u00e1st \u00e9s fesz\u00fclts\u00e9get. A p\u00e1rna megel\u0151zheti az esetleges rossz testtart\u00e1st, \u00e9s el\u0151vigy\u00e1zatoss\u00e1gb\u00f3l tehermentes\u00edti a gerincet.<br \/>\nAki \u00e1ltal\u00e1ban a hosszas \u00fcl\u00e9s miatt szenved kellemetlens\u00e9gekt\u0151l, az az \u00fcl\u0151p\u00e1rn\u00e1t a hangulatos mozi est\u00e9khez is haszn\u00e1lhatja. Ez\u00e9rt a rossz testtart\u00e1s megel\u0151z\u00e9s\u00e9re alkalmas olyan gyermekek sz\u00e1m\u00e1ra is, akik sok id\u0151t t\u00f6ltenek a sz\u00e1m\u00edt\u00f3g\u00e9p el\u0151tt.<br \/>\nAzok, akiknek s\u00e9r\u00fcl\u00e9sek \u00e9s m\u0171t\u00e9tek miatt kell enyh\u00edteni\u00fck a h\u00e1tukra nehezed\u0151 nyom\u00e1st, szint\u00e9n haszn\u00e1t vehetik az \u00fcl\u0151p\u00e1rn\u00e1nak. Az ergonomikus \u00fcl\u00e9spoz\u00edci\u00f3 enyh\u00edtheti a f\u00e1jdalmat \u00e9s megel\u0151zheti az \u00fajabb s\u00e9r\u00fcl\u00e9seket.<\/p>\n<p>Az \u00fcl\u00e9sp\u00e1rna m\u00e1sik felhaszn\u00e1l\u00f3i csoportja a sportol\u00f3k. A sportol\u00f3knak a mindennapokban k\u00fcl\u00f6n\u00f6s figyelmet kell ford\u00edtaniuk izmaik \u00e9s testtart\u00e1suk eg\u00e9szs\u00e9g\u00e9nek meg\u0151rz\u00e9s\u00e9re, hogy sportc\u00e9ljaikat tov\u00e1bbra is k\u00f6vetni tudj\u00e1k. A sportol\u00f3k a napjuk nagy r\u00e9sz\u00e9t azzal t\u00f6ltik, hogy eg\u00e9szs\u00e9gesen \u00e9tkeznek \u00e9s sokat mozognak. A fokozott mozg\u00e1s azonban azt jelenti, hogy a test nem szokott hozz\u00e1 a hossz\u00fa ideig tart\u00f3 egyhuzamban \u00fcl\u00e9shez. Erre viszont f\u00e1jdalommal \u00e9s fesz\u00fclts\u00e9ggel reag\u00e1l. Panaszok eset\u00e9n azonban a sportol\u00e1s k\u00ednszenved\u00e9ss\u00e9 v\u00e1lhat, ha egy\u00e1ltal\u00e1n v\u00e1llalhat\u00f3. A Klaudena \u00fcl\u0151p\u00e1rna a mindennapi \u00e9letben is haszn\u00e1lhat\u00f3, hogy az izmokat tehermentes\u00edtse, amikor nem mozognak.<\/p>\n<p>Sporttev\u00e9kenys\u00e9gek ut\u00e1n az izmok, a gerinc \u00e9s a csontok m\u00e1r irrit\u00e1ltak, \u00e9s sz\u00fcks\u00e9g\u00fck van a regener\u00e1l\u00f3d\u00e1sra. A helytelen \u00fcl\u00e9spoz\u00edci\u00f3 azonban akad\u00e1lyozhatja az izmok regener\u00e1l\u00f3d\u00e1s\u00e1t, \u00e9s gyullad\u00e1s alakulhat ki. A Klaudena \u00fcl\u0151p\u00e1rn\u00e1t a sportol\u00f3k is haszn\u00e1lj\u00e1k, hogy az izmok jobban l\u00e9legezzenek. A test a sportol\u00e1s ut\u00e1n m\u00e9g egy ideig izzad. Ha kem\u00e9ny fel\u00fcleten vagy norm\u00e1l sz\u00f6vethuzaton \u00fcl, ez fokozott izzad\u00e1shoz vezethet, ami kellemetlen szagokat okoz az \u00fcl\u00e9sben. Ezeket \u00e1ltal\u00e1ban neh\u00e9z elt\u00e1vol\u00edtani, \u00edgy a b\u00fatoron tart\u00f3san kellemetlen szag marad.<\/p>\n<p>Ha a Klaudena \u00fcl\u0151p\u00e1rn\u00e1t kem\u00e9ny fel\u00fclet vagy sz\u00f6vethuzat k\u00f6z\u00f6tti p\u00e1rn\u00e1zatk\u00e9nt haszn\u00e1ljuk, a sportol\u00f3 teste jobban ki tud l\u00e9legezni, miel\u0151tt az izzads\u00e1g felhalmoz\u00f3dna. Ez\u00e1ltal a test jobban tud l\u00e9legezni, ami j\u00f3t\u00e9konyan hat az izmokra. A p\u00e1rna strapab\u00edr\u00f3 huzat\u00e1nak k\u00f6sz\u00f6nhet\u0151en a sportol\u00f3k hetente t\u00f6bbsz\u00f6r is moshatj\u00e1k a p\u00e1rn\u00e1t an\u00e9lk\u00fcl, hogy az anyag k\u00e1rosodna.<\/p>\n<p><a href=\"https:\/\/opengrey.eu\/go\/klaudena-hu\" target=\"_blank\" rel=\"nofollow noopener\"><img loading=\"lazy\" decoding=\"async\" class=\"aligncenter size-full wp-image-1150\" src=\"https:\/\/opengrey.eu\/wp-content\/uploads\/2023\/01\/Klaudena-Seat-Cushion.jpg\" alt=\"Klaudena \u00fcl\u0151p\u00e1rna\" width=\"800\" height=\"517\" srcset=\"https:\/\/opengrey.eu\/wp-content\/uploads\/2023\/01\/Klaudena-Seat-Cushion.jpg 800w, https:\/\/opengrey.eu\/wp-content\/uploads\/2023\/01\/Klaudena-Seat-Cushion-300x194.jpg 300w, https:\/\/opengrey.eu\/wp-content\/uploads\/2023\/01\/Klaudena-Seat-Cushion-768x496.jpg 768w\" sizes=\"auto, (max-width: 800px) 100vw, 800px\" \/><\/a><\/p>\n<h2>Milyen el\u0151ny\u00f6ket k\u00edn\u00e1l a Klaudena \u00fcl\u00e9sp\u00e1rna?<\/h2>\n<p>A rossz \u00fcl\u00e9shelyzet nemcsak hossz\u00fa t\u00e1von vezet olyan panaszokhoz, mint a f\u00e1jdalom, hanem hossz\u00fa t\u00e1von rossz testtart\u00e1shoz is. Ennek megel\u0151z\u00e9se \u00e9rdek\u00e9ben rendk\u00edv\u00fcl fontos az eg\u00e9szs\u00e9ges \u00fcl\u00e9shelyzet kialak\u00edt\u00e1sa. A Klaudena \u00fcl\u0151p\u00e1rna automatikusan t\u00e1mogatja az eg\u00e9szs\u00e9ges testtart\u00e1st, hogy megel\u0151zze a h\u00e1t-, cs\u00edp\u0151- \u00e9s l\u00e1bf\u00e1jdalmakat. Az ergonomikus \u00fcl\u00e9sp\u00f3z ellaz\u00edtja a gerincet \u00e9s t\u00e1mogatja a nyakizmokat is. Megfelel\u0151 \u00fcl\u00e9sp\u00f3z n\u00e9lk\u00fcl a gerinc hossz\u00fa t\u00e1von g\u00f6rb\u00fclni fog, ami visszaford\u00edthatatlan k\u00e1rosod\u00e1shoz vezethet. A Klaudena \u00fcl\u0151p\u00e1rna nem csak r\u00f6vid ideig ny\u00fajt t\u00e1maszt, a mem\u00f3riahabbal ell\u00e1tott \u00fcl\u0151p\u00e1rna hossz\u00fa ideig tart\u00f3 \u00fcl\u0151munk\u00e1hoz, p\u00e9ld\u00e1ul a mindennapi irodai munk\u00e1hoz is ide\u00e1lis.<\/p>\n<p>Az \u00fcl\u00e9sp\u00e1rna praktikus tulajdons\u00e1ga, hogy k\u00f6nny\u0171s\u00e9g\u00e9nek \u00e9s fordul\u00e9konys\u00e1g\u00e1nak k\u00f6sz\u00f6nhet\u0151en b\u00e1rhov\u00e1 mag\u00e1val viheti. Ez\u00e1ltal nagyon j\u00f3l hordozhat\u00f3v\u00e1 v\u00e1lik a mindennapi haszn\u00e1lathoz. Kis m\u00e9ret\u00e9nek k\u00f6sz\u00f6nhet\u0151en t\u00f6k\u00e9letesen elf\u00e9r a k\u00e9zit\u00e1sk\u00e1ban vagy h\u00e1tizs\u00e1kban val\u00f3 sz\u00e1ll\u00edt\u00e1shoz. Egy m\u00e1sik el\u0151nye a p\u00e1rna szerkezete. A hossz\u00fa ideig tart\u00f3 \u00fcl\u00e9s azzal a kock\u00e1zattal j\u00e1r, hogy az izzads\u00e1g felgy\u00fclemlik az \u00fcl\u00e9sp\u00e1rn\u00e1ban, \u00e9s id\u0151vel kellemetlen szagok hatolnak be a sz\u00f6vetbe. A Klaudena \u00fcl\u0151p\u00e1rn\u00e1t ezzel szemben \u00fagy tervezt\u00e9k, hogy a leveg\u0151 t\u00f6k\u00e9letesen tudjon keringeni, m\u00e9g hossz\u00fa haszn\u00e1lat sor\u00e1n is. A szerkezet megakad\u00e1lyozza az izzads\u00e1gfoltok \u00e9s a kellemetlen szagok kialakul\u00e1s\u00e1t.<\/p>\n<h2>Hogyan van fel\u00e9p\u00edtve<\/h2>\n<p>A Klaudena \u00fcl\u0151p\u00e1rna egy speci\u00e1lis habb\u00f3l k\u00e9sz\u00fcl, amely a p\u00e1rna \u00f6sszet\u00e9tel\u00e9nek nagy r\u00e9sz\u00e9t alkotja. Ezt a habot egy cs\u00fasz\u00e1smentes anyagb\u00f3l k\u00e9sz\u00fclt p\u00e1rnahuzat tartalmazza, \u00edgy a p\u00e1rna minden fel\u00fcleten optim\u00e1lisan tapad. A p\u00e1rna kialak\u00edt\u00e1s\u00e1t szak\u00e9rt\u0151k fejlesztett\u00e9k ki, hogy a mem\u00f3riahab minden testalkathoz j\u00f3l alkalmazkodjon. K\u00fcl\u00f6n\u00f6sen praktikus tulajdons\u00e1ga, hogy a p\u00e1rna huzata levehet\u0151. Ez\u00e1ltal a huzat rendk\u00edv\u00fcl higi\u00e9nikus, mivel b\u00e1rmikor moshat\u00f3 an\u00e9lk\u00fcl, hogy a p\u00e1rna k\u00e1rosodna. A mem\u00f3riahab hossz\u00fa haszn\u00e1lat sor\u00e1n is megjegyzi a test alakj\u00e1t, \u00e9s alkalmazkodik a felhaszn\u00e1l\u00f3 m\u00e9reteihez, \u00edgy biztos\u00edtva a h\u00e1t stabilit\u00e1s\u00e1t.<\/p>\n<h3>M\u00e9retek<\/h3>\n<p>A p\u00e1rna kb. 38 cm hossz\u00fa \u00e9s 45 cm sz\u00e9les.<\/p>\n<h2>Speci\u00e1lis jellemz\u0151k<\/h2>\n<p>Az \u00fcl\u0151p\u00e1rna legk\u00fcl\u00f6nlegesebb tulajdons\u00e1ga a speci\u00e1lisan gy\u00e1rtott mem\u00f3riahab, amelyet \u00fagy alak\u00edtottak ki, hogy a p\u00e1rna gyorsan alkalmazkodik a saj\u00e1t testalkat\u00e1hoz, \u00e9s \u00edgy tart\u00f3san jav\u00edtja az \u00fcl\u0151helyzetet. A hagyom\u00e1nyos \u00fcl\u0151p\u00e1rn\u00e1k ugyan kip\u00e1rn\u00e1zz\u00e1k a farokcsontot, hogy megel\u0151zz\u00e9k a t\u00fal hossz\u00fa \u00fcl\u00e9sb\u0151l ered\u0151 f\u00e1jdalmat, de nem rendelkeznek a speci\u00e1lis habbal, amely alkalmazkodik az \u00d6n saj\u00e1t izmaihoz. A mem\u00f3riahab nemcsak alkalmazkodik az \u00d6n testtart\u00e1s\u00e1hoz, hanem egyenletesen osztja el tests\u00faly\u00e1t a sz\u00e9ken, \u00edgy nem alakulhat ki kellemetlens\u00e9g az egyenetlen s\u00falyeloszl\u00e1s miatt.<\/p>\n<p>A mem\u00f3riahabot \u00fagy tervezt\u00e9k, hogy a p\u00e1rn\u00e1ban l\u00e9v\u0151 leveg\u0151 nagyon j\u00f3l tudjon keringeni. A hagyom\u00e1nyos p\u00e1rn\u00e1kn\u00e1l a felgy\u00fclemlett leveg\u0151 miatt nagyon gyorsan kialakul a kellemetlen izzad\u00e1s. A k\u00e9pz\u0151d\u0151 \u00e9s felgy\u00fclemlett izzads\u00e1g k\u00e9s\u0151bb a sz\u00e1lakban le\u00fclepedik, \u00e9s olyan tart\u00f3s szagokat hoz l\u00e9tre, amelyeket szinte lehetetlen elt\u00e1vol\u00edtani. A felgy\u00fclemlett nedvess\u00e9g miatt pen\u00e9sz is kialakulhat. A nedvess\u00e9g miatt foltok is keletkeznek. A Klaudena \u00fcl\u0151p\u00e1rna ezzel szemben rendk\u00edv\u00fcl l\u00e9g\u00e1tereszt\u0151, ami azt jelenti, hogy a p\u00e1rna belsej\u00e9ben nem k\u00e9pz\u0151dik nedvess\u00e9g. Ennek eredm\u00e9nyek\u00e9ppen friss \u00e9s higi\u00e9nikus marad m\u00e9g hossz\u00fa \u00f3r\u00e1kig tart\u00f3 \u00fcl\u00e9s ut\u00e1n is.<\/p>\n<p>Ezt tov\u00e1bb t\u00e1mogatand\u00f3, a Klaudena \u00fcl\u0151p\u00e1rna m\u00e1sik k\u00fcl\u00f6nlegess\u00e9ge a levehet\u0151 p\u00e1rnahuzat, amely biztos\u00edtja, hogy a huzat b\u00e1rmikor moshat\u00f3 legyen. Ez hossz\u00fa t\u00e1von k\u00fcl\u00f6n\u00f6sen j\u00f3 higi\u00e9ni\u00e1t biztos\u00edt, \u00edgy a p\u00e1rn\u00e1t hossz\u00fa t\u00e1von nem kell cser\u00e9lni. A p\u00e1rna ergonomikus form\u00e1ja minden koroszt\u00e1ly sz\u00e1m\u00e1ra alkalmas. A Klaudena \u00fcl\u0151p\u00e1rna az iskol\u00e1sok sz\u00e1m\u00e1ra is j\u00f3 v\u00e1laszt\u00e1s. A hossz\u00fa \u00e9vekig tart\u00f3 \u00edr\u00f3asztal mellett v\u00e9gzett munka rossz testtart\u00e1st okozhat, ami gyakran visszaford\u00edthatatlan. Ha m\u00e1r kor\u00e1n figyelmet ford\u00edtunk az eg\u00e9szs\u00e9ges \u00fcl\u0151helyzetre, a gerincprobl\u00e9m\u00e1k m\u00e9g azel\u0151tt orvosolhat\u00f3k, hogy elterjedn\u00e9nek.<br \/>\nA p\u00e1rn\u00e1t k\u00f6nnyen magunkkal vihetj\u00fck az iskol\u00e1ba, mivel k\u00fcl\u00f6n\u00f6sen k\u00f6nny\u0171, \u00e9s kis m\u00e9rete miatt alig foglal helyet az iskolat\u00e1sk\u00e1ban.<\/p>\n<div class=\"sue-section\" data-url=\"\" data-target=\"blank\" style=\"margin:0px 0px 0px 0px;border-top:1px solid #cccccc;border-bottom:1px solid #cccccc\"><div class=\"sue-section-background\" style=\"background-color:#f3f3f3;background-position:left top;\"><\/div><div class=\"sue-section-content sue-content-wrap\" style=\"padding:30px 0px 30px 0px;max-width:960px;text-align:left;color:#333333;text-shadow:0px 1px 10px #ffffffffffff\">\n<h2>Klaudena besz\u00e1mol\u00f3k, \u00e9rt\u00e9kel\u00e9sek &amp;; v\u00e9lem\u00e9nyek (f\u00f3rum)<\/h2>\n<p><strong>A felhaszn\u00e1l\u00f3k tapasztalatai egy\u00f6ntet\u0171en nagyon pozit\u00edvak. A felhaszn\u00e1l\u00f3i csoportok k\u00fcl\u00f6nb\u00f6z\u0151 szakmai kateg\u00f3ri\u00e1kba sorolhat\u00f3k: Irodai dolgoz\u00f3k \u00e9s ing\u00e1z\u00f3k. Tov\u00e1bb\u00e1 a mag\u00e1n\u00e9letben val\u00f3 haszn\u00e1lat is jelen van a felhaszn\u00e1l\u00f3k k\u00f6r\u00e9ben.<\/strong><\/p>\n<p><strong><br \/>\n<\/strong><div class=\"su-list\" style=\"margin-left:0px\">\n<ul>\n<li><i class=\"sui sui-users\" style=\"color:#004AAD\"><\/i> A Klaudena \u00fcl\u0151p\u00e1rna haszn\u00e1l\u00f3i a jobb \u00fcl\u00e9shelyzet okozta f\u00e1jdalmak enyh\u00fcl\u00e9s\u00e9r\u0151l sz\u00e1molnak be. A felhaszn\u00e1l\u00f3k a p\u00e1rnahuzat moshat\u00f3s\u00e1g\u00e1t is nagyon j\u00f3nak tal\u00e1lj\u00e1k, mivel a higi\u00e9niai sz\u00ednvonal megmarad.<\/li>\n<li><i class=\"sui sui-users\" style=\"color:#004AAD\"><\/i> A p\u00e1rna k\u00e9nyelme szint\u00e9n pozit\u00edv szempont. A felhaszn\u00e1l\u00f3k arr\u00f3l sz\u00e1molnak be, hogy a p\u00e1rna utaz\u00e1skor is nagyon k\u00f6nnyen sz\u00e1ll\u00edthat\u00f3, ez\u00e9rt b\u00e1rmilyen \u00fatra gond n\u00e9lk\u00fcl mag\u00e1val vihet\u0151. Az ing\u00e1z\u00f3k, f\u0151k\u00e9nt a teheraut\u00f3-vezet\u0151k szint\u00e9n arr\u00f3l sz\u00e1molnak be, hogy a p\u00e1rn\u00e1n nagyon k\u00e9nyelmes \u00fclni. A hossz\u00fa utaz\u00e1sok sor\u00e1n a felhaszn\u00e1l\u00f3k s\u00falyos h\u00e1tf\u00e1j\u00e1st\u00f3l szenvedtek, \u00e9s n\u00e9h\u00e1nyukn\u00e1l m\u00e1r rossz testtart\u00e1st \u00e9s a gerinc k\u00e1rosod\u00e1s\u00e1t diagnosztiz\u00e1lt\u00e1k. A Klaudena \u00fcl\u00e9sp\u00e1rn\u00e1nak k\u00f6sz\u00f6nhet\u0151en az emberek \u00fajra f\u00e1jdalom n\u00e9lk\u00fcl tudtak dolgozni, m\u00e9g a hossz\u00fa utakon is.<\/li>\n<li><i class=\"sui sui-users\" style=\"color:#004AAD\"><\/i> Egyes felhaszn\u00e1l\u00f3k hossz\u00fa rep\u00fcl\u0151utak sor\u00e1n is haszn\u00e1lj\u00e1k a Klaudena \u00fcl\u00e9sp\u00e1rn\u00e1t, ami kellemetlens\u00e9get okozhat az izmoknak. Kis m\u00e9ret\u00e9nek k\u00f6sz\u00f6nhet\u0151en a p\u00e1rna ide\u00e1lis volt k\u00e9zipoggy\u00e1sznak, \u00e9s k\u00f6nnyen felvihet\u0151 volt a rep\u00fcl\u0151g\u00e9pre. A mem\u00f3riahab enyh\u00edtette az izmokat, \u00e9s a felhaszn\u00e1l\u00f3k m\u00e9g hossz\u00fa rep\u00fcl\u0151utakon sem szenvedtek h\u00e1tf\u00e1j\u00e1st\u00f3l.<\/li>\n<li><i class=\"sui sui-users\" style=\"color:#004AAD\"><\/i> Egy felhaszn\u00e1l\u00f3 arr\u00f3l sz\u00e1molt be, hogy egy s\u00e9r\u00fcl\u00e9s \u00e9s az azt k\u00f6vet\u0151 m\u0171t\u00e9t ut\u00e1n v\u00e1s\u00e1rolta meg az \u00fcl\u00e9sp\u00e1rn\u00e1t, hogy enyh\u00edtse az \u00fcl\u00e9s k\u00f6zben fell\u00e9p\u0151 f\u00e1jdalmat. Miut\u00e1n konzult\u00e1lt az orvos\u00e1val, enged\u00e9lyezt\u00e9k neki, hogy a p\u00e1rn\u00e1t a mindennapokban is haszn\u00e1lhassa. K\u00fcl\u00f6n\u00f6sen pozit\u00edvan \u00e9rt\u00e9kelte a f\u00e1jdalom javul\u00e1s\u00e1t, amely m\u00e1r r\u00f6vid haszn\u00e1lat ut\u00e1n bek\u00f6vetkezett. Az \u00fcl\u00e9sp\u00e1rna mem\u00f3riahabj\u00e1t is pozit\u00edvan \u00e9rt\u00e9kelte. Ez fokozatosan egyre jobban alkalmazkodik a test saj\u00e1t alakj\u00e1hoz, \u00edgy a p\u00e1rna megjegyzi a test k\u00f6rvonalait \u00e9s tart\u00f3san felveszi a testtart\u00e1st.<\/li>\n<li><i class=\"sui sui-users\" style=\"color:#004AAD\"><\/i> A legt\u00f6bb felhaszn\u00e1l\u00f3 szerint a p\u00e1rna a megv\u00e1s\u00e1rl\u00e1sa \u00f3ta minden helyzetben n\u00e1luk van, mivel kis m\u00e9rete miatt nagyon j\u00f3l hordozhat\u00f3.<br \/>\nA felhaszn\u00e1l\u00f3k abban is egyet\u00e9rtenek, hogy a Klaudena p\u00e1rna magas szint\u0171 higi\u00e9ni\u00e1ja miatt egy\u00e9rtelm\u0171en kiemelkedik a hagyom\u00e1nyos \u00fcl\u0151p\u00e1rn\u00e1k k\u00f6z\u00fcl. A huzat nagyon k\u00f6nnyen elt\u00e1vol\u00edthat\u00f3, \u00e9s tiszt\u00edt\u00e1s ut\u00e1n nagyon gyorsan megsz\u00e1rad. Ezut\u00e1n k\u00fcl\u00f6n\u00f6sebb er\u0151fesz\u00edt\u00e9s n\u00e9lk\u00fcl visszailleszthet\u0151 a p\u00e1rn\u00e1ra.<\/li>\n<li><i class=\"sui sui-users\" style=\"color:#004AAD\"><\/i> A sportol\u00f3k a Klaudena p\u00e1rn\u00e1t j\u00f3 \u00e9s izzads\u00e1gelnyel\u0151 hat\u00e1sa miatt kedvelik. Arr\u00f3l sz\u00e1molnak be, hogy a mindennapi \u00e9letben gyakran tapasztaltak kellemetlen szagokat a b\u00fatorokon vagy \u00fcl\u0151alkalmatoss\u00e1gokon, mivel test\u00fck a sportol\u00e1s ut\u00e1n m\u00e9g sok\u00e1ig izzad. A szagokat neh\u00e9z volt elt\u00e1vol\u00edtani a b\u00fatorokr\u00f3l, ez\u00e9rt sportol\u00e1s ut\u00e1n haszn\u00e1lj\u00e1k az \u00fcl\u0151p\u00e1rn\u00e1t, hogy a felsz\u00edv\u00f3dott izzads\u00e1g ne sz\u00edvja be a b\u00fatorokat \u00e9s a sz\u00f6veteket. A p\u00e1rna strapab\u00edr\u00f3 anyag\u00e1t kiv\u00e1l\u00f3nak \u00e9rt\u00e9kelik, mivel hetente t\u00f6bbsz\u00f6r is ki tudj\u00e1k mosni a p\u00e1rn\u00e1t an\u00e9lk\u00fcl, hogy az anyag \u00e9szrevehet\u0151en k\u00e1rosodna. Az \u00fcl\u0151p\u00e1rna seg\u00edt az izmoknak jobban l\u00e9legezni, \u00e9s \u00e9rezhet\u0151en ellaz\u00edtja \u0151ket edz\u00e9s ut\u00e1n, enyh\u00edtve a gerincre nehezed\u0151 nyom\u00e1st. A jobb \u00fcl\u00e9shelyzetnek k\u00f6sz\u00f6nhet\u0151en a fut\u00f3k is \u00e9szrevett\u00e9k az edz\u00e9s\u00fck javul\u00e1s\u00e1t, mivel a testtart\u00e1suk tart\u00f3san javult, ami a sportc\u00e9lok el\u00e9r\u00e9s\u00e9ben is megmutatkozik. Az \u00fcl\u00e9sp\u00e1rna ny\u00fajt\u00e1sra is haszn\u00e1lhat\u00f3, \u00e9s egy\u00fattal edzi a sportol\u00f3k egyens\u00faly\u00e9rz\u00e9k\u00e9t.<\/li>\n<li><i class=\"sui sui-users\" style=\"color:#004AAD\"><\/i> A p\u00e1rna maga mellett a felhaszn\u00e1l\u00f3k a gy\u00e1rt\u00f3 \u00fcgyf\u00e9lszolg\u00e1lat\u00e1t is k\u00fcl\u00f6n\u00f6sen pozit\u00edvan \u00e9rt\u00e9kelik. A rendel\u00e9si folyamat nagyon egyszer\u0171. A p\u00e1rn\u00e1t gyorsan elk\u00fcldt\u00e9k, \u00e9s minden felhaszn\u00e1l\u00f3hoz s\u00e9rtetlen\u00fcl meg\u00e9rkezett. Ha b\u00e1rmilyen k\u00e9rd\u00e9s mer\u00fclne fel, a gy\u00e1rt\u00f3 \u00fcgyf\u00e9lszolg\u00e1lata bar\u00e1ts\u00e1gosan \u00e9s szak\u00e9rtelemmel v\u00e1laszol minden k\u00e9rd\u00e9sre.<\/li>\n<li><i class=\"sui sui-users\" style=\"color:#004AAD\"><\/i> A Klaudena \u00e1r-\u00e9rt\u00e9k ar\u00e1ny\u00e1t m\u00e1s gy\u00e1rt\u00f3kkal \u00e9s \u00fcl\u0151p\u00e1rn\u00e1kkal \u00f6sszehasonl\u00edtva nagyon j\u00f3nak \u00edt\u00e9lt\u00e9k meg.<\/li>\n<\/ul>\n<\/div><\/div><\/div>\n<div class=\"su-button-center\"><a href=\"https:\/\/opengrey.eu\/go\/klaudena-hu\" class=\"su-button su-button-style-default\" style=\"color:#FFFFFF;background-color:#ef2d34;border-color:#c0242a;border-radius:9px\" target=\"_blank\" rel=\"nofollow\"><span style=\"color:#FFFFFF;padding:8px 24px;font-size:18px;line-height:27px;border-color:#f46c71;border-radius:9px;text-shadow:none\"><i class=\"sui sui-check-square\" style=\"font-size:18px;color:#FFFFFF\"><\/i> Rendelje meg a KLAUDENA p\u00e1rn\u00e1kat 50% kedvezm\u00e9nnyel!<br \/>\n(Hivatalos \u00fczlet)<\/span><\/a><\/div>\n","protected":false},"excerpt":{"rendered":"<p>Sokan szenvednek \u00e1lland\u00f3 fesz\u00fclts\u00e9gt\u0151l \u00e9s h\u00e1tf\u00e1j\u00e1st\u00f3l a hossz\u00fa ideig tart\u00f3 irodai munka k\u00f6vetkezt\u00e9ben. Ennek eredm\u00e9nyek\u00e9nt a hossz\u00fa ideig tart\u00f3 \u00fcl\u00e9s gyorsan k\u00ednszenved\u00e9ss\u00e9 v\u00e1lik. A f\u00e1jdalom hossz\u00fa t\u00e1v\u00fa enyh\u00edt\u00e9s\u00e9re \u00e9s a rossz testtart\u00e1s megel\u0151z\u00e9s\u00e9re l\u00e9teznek speci\u00e1lis \u00fcl\u0151p\u00e1rn\u00e1k, amelyeket \u00fagy terveztek, hogy mind a testtart\u00e1st, mind az \u00fcl\u00e9s k\u00e9nyelm\u00e9t t\u00e1mogass\u00e1k. Az egyik \u00faj \u00e9s k\u00fcl\u00f6nleges \u00fcl\u0151p\u00e1rna az &#8230; <a title=\"Klaudena &#8211; V\u00e9lem\u00e9ny &#038; Legkedvez\u0151bb \u00e1r\" class=\"read-more\" href=\"https:\/\/opengrey.eu\/hu\/klaudena\/\" aria-label=\"Read more about Klaudena &#8211; V\u00e9lem\u00e9ny &#038; Legkedvez\u0151bb \u00e1r\">Olvass tov\u00e1bb<\/a><\/p>\n","protected":false},"author":1,"featured_media":0,"comment_status":"open","ping_status":"open","sticky":false,"template":"","format":"standard","meta":{"footnotes":""},"categories":[53],"tags":[],"class_list":["post-6740","post","type-post","status-publish","format-standard","hentry","category-uncategorized-hu"],"_links":{"self":[{"href":"https:\/\/opengrey.eu\/hu\/wp-json\/wp\/v2\/posts\/6740","targetHints":{"allow":["GET"]}}],"collection":[{"href":"https:\/\/opengrey.eu\/hu\/wp-json\/wp\/v2\/posts"}],"about":[{"href":"https:\/\/opengrey.eu\/hu\/wp-json\/wp\/v2\/types\/post"}],"author":[{"embeddable":true,"href":"https:\/\/opengrey.eu\/hu\/wp-json\/wp\/v2\/users\/1"}],"replies":[{"embeddable":true,"href":"https:\/\/opengrey.eu\/hu\/wp-json\/wp\/v2\/comments?post=6740"}],"version-history":[{"count":4,"href":"https:\/\/opengrey.eu\/hu\/wp-json\/wp\/v2\/posts\/6740\/revisions"}],"predecessor-version":[{"id":6747,"href":"https:\/\/opengrey.eu\/hu\/wp-json\/wp\/v2\/posts\/6740\/revisions\/6747"}],"wp:attachment":[{"href":"https:\/\/opengrey.eu\/hu\/wp-json\/wp\/v2\/media?parent=6740"}],"wp:term":[{"taxonomy":"category","embeddable":true,"href":"https:\/\/opengrey.eu\/hu\/wp-json\/wp\/v2\/categories?post=6740"},{"taxonomy":"post_tag","embeddable":true,"href":"https:\/\/opengrey.eu\/hu\/wp-json\/wp\/v2\/tags?post=6740"}],"curies":[{"name":"wp","href":"https:\/\/api.w.org\/{rel}","templated":true}]}}